{"id":389,"date":"2013-09-29T18:00:32","date_gmt":"2013-09-29T17:00:32","guid":{"rendered":"http:\/\/eric-monot.net\/?p=389"},"modified":"2015-05-16T22:53:23","modified_gmt":"2015-05-16T21:53:23","slug":"389","status":"publish","type":"post","link":"https:\/\/eric-monot.net\/en\/archives\/389","title":{"rendered":""},"content":{"rendered":"<p><strong>Concert<\/strong><br \/>\n29<sup>th<\/sup>\u00a0September 2013, 18:00<br \/>\nTonhalle, D\u00fcsseldorf<\/p>\n<p>nota<strong><em>bu<\/em><\/strong>.ensemble neue musik<br \/>\nMark-Andreas Schlingensiepen<\/p>\n<p>Cappella Amsterdam<br \/>\nDaniel Reuss<\/p>\n<p>Markus Bellheim, piano<\/p>\n<p><em>All-Ligeti<\/em><\/p>\n<ul>\n<li>Gy\u00f6rgy Ligeti,\u00a0<em>Po\u00e8me Symphonique f\u00fcr 100 Metronome<\/em><\/li>\n<li>Gy\u00f6rgy Ligeti,\u00a0<em>Lux aeterna<\/em><\/li>\n<li>Gy\u00f6rgy Ligeti,\u00a0<em>Kammerkonzert f\u00fcr 13 Instrulente<\/em><\/li>\n<li>Gy\u00f6rgy Ligeti,\u00a0<em>Drei Phantasien nach Friedrich H\u00f6lderlin<\/em><\/li>\n<li>Gy\u00f6rgy Ligeti,\u00a0<em>Magyar Et\u00fcd\u00f6k<\/em><\/li>\n<li>Gy\u00f6rgy Ligeti,\u00a0<em>Konzert f\u00fcr Klavier und Orchester<\/em><\/li>\n<\/ul>\n<p><strong>Concert Manager with the Cappella Amsterdam chamber choir<\/strong><\/p>","protected":false},"excerpt":{"rendered":"<p>Concert 29th\u00a0September 2013, 18:00 Tonhalle, D\u00fcsseldorf notabu.ensemble neue musik Mark-Andreas Schlingensiepen Cappella Amsterdam Daniel Reuss Markus Bellheim, piano All-Ligeti Gy\u00f6rgy Ligeti,\u00a0Po\u00e8me Symphonique f\u00fcr 100 Metronome Gy\u00f6rgy Ligeti,\u00a0Lux aeterna Gy\u00f6rgy Ligeti,\u00a0Kammerkonzert f\u00fcr 13 Instrulente Gy\u00f6rgy Ligeti,\u00a0Drei Phantasien nach Friedrich H\u00f6lderlin Gy\u00f6rgy Ligeti,\u00a0Magyar Et\u00fcd\u00f6k Gy\u00f6rgy Ligeti,\u00a0Konzert f\u00fcr Klavier und Orchester Concert Manager with the Cappella Amsterdam chamber [&hellip;]<\/p>\n","protected":false},"author":1,"featured_media":0,"comment_status":"closed","ping_status":"open","sticky":false,"template":"","format":"standard","meta":{"sfsi_plus_gutenberg_text_before_share":"","sfsi_plus_gutenberg_show_text_before_share":"","sfsi_plus_gutenberg_icon_type":"","sfsi_plus_gutenberg_icon_alignemt":"","sfsi_plus_gutenburg_max_per_row":"","footnotes":""},"categories":[21],"tags":[281,284,47,195,282,292,295,294,293,291],"class_list":["post-389","post","type-post","status-publish","format-standard","hentry","category-concert","tag-cappella-amsterdam","tag-chamber-choir","tag-concert-manager","tag-concerto","tag-daniel-reuss","tag-dusseldorf","tag-gyorgy-ligeti","tag-mark-andreas-schlingensiepen","tag-notabu-ensemble-neue-musik","tag-tonhalle"],"_links":{"self":[{"href":"https:\/\/eric-monot.net\/en\/wp-json\/wp\/v2\/posts\/389","targetHints":{"allow":["GET"]}}],"collection":[{"href":"https:\/\/eric-monot.net\/en\/wp-json\/wp\/v2\/posts"}],"about":[{"href":"https:\/\/eric-monot.net\/en\/wp-json\/wp\/v2\/types\/post"}],"author":[{"embeddable":true,"href":"https:\/\/eric-monot.net\/en\/wp-json\/wp\/v2\/users\/1"}],"replies":[{"embeddable":true,"href":"https:\/\/eric-monot.net\/en\/wp-json\/wp\/v2\/comments?post=389"}],"version-history":[{"count":2,"href":"https:\/\/eric-monot.net\/en\/wp-json\/wp\/v2\/posts\/389\/revisions"}],"predecessor-version":[{"id":486,"href":"https:\/\/eric-monot.net\/en\/wp-json\/wp\/v2\/posts\/389\/revisions\/486"}],"wp:attachment":[{"href":"https:\/\/eric-monot.net\/en\/wp-json\/wp\/v2\/media?parent=389"}],"wp:term":[{"taxonomy":"category","embeddable":true,"href":"https:\/\/eric-monot.net\/en\/wp-json\/wp\/v2\/categories?post=389"},{"taxonomy":"post_tag","embeddable":true,"href":"https:\/\/eric-monot.net\/en\/wp-json\/wp\/v2\/tags?post=389"}],"curies":[{"name":"wp","href":"https:\/\/api.w.org\/{rel}","templated":true}]}}