{"id":3082,"date":"2021-03-13T19:00:29","date_gmt":"2021-03-13T18:00:29","guid":{"rendered":"https:\/\/eric-monot.net\/?p=3082"},"modified":"2021-03-14T19:00:49","modified_gmt":"2021-03-14T18:00:49","slug":"3082","status":"publish","type":"post","link":"https:\/\/eric-monot.net\/en\/archives\/3082","title":{"rendered":""},"content":{"rendered":"<p><b>Concert<\/b><\/p>\n<p>CANCELLED (filmed &amp; recorded instead on 13th March in the Teo Otto Theater of Remscheid for later distribution)<\/p>\n<p>13th March 2021, 19:00<br \/>\nTheater Marl<\/p>\n<p>Bergische Symphoniker<br \/>\nJohannes Marsovszky<\/p>\n<p>Aaron Schr\u00f6er, Cello<br \/>\nMarvin Stark, Viola<br \/>\nPeter Son Goetz, Violine<\/p>\n<p><i>Marler Deb\u00fct<\/i><\/p>\n<ul>\n<li>Joseph Haydn, <i>Konzert f\u00fcr Violoncello und Orchester D-Dur<\/i>, Opus 101, Hob VIIb:2<\/li>\n<li>Benjamin Britten, <i>Lachrymae, Reflections on a Song by Dowland for Viola and String Orchestra<\/i>, Opus 48a<\/li>\n<li>Anton\u00edn Dvor\u00e1k, <i>Konzert f\u00fcr Violine und Orchester a-moll<\/i>, Opus 53<\/li>\n<\/ul>\n<p><b>Orchestra Manager with the Bergische Symphoniker<\/b><\/p>","protected":false},"excerpt":{"rendered":"<p>Concert CANCELLED (filmed &amp; recorded instead on 13th March in the Teo Otto Theater of Remscheid for later distribution) 13th March 2021, 19:00 Theater Marl Bergische Symphoniker Johannes Marsovszky Aaron Schr\u00f6er, Cello Marvin Stark, Viola Peter Son Goetz, Violine Marler Deb\u00fct Joseph Haydn, Konzert f\u00fcr Violoncello und Orchester D-Dur, Opus 101, Hob VIIb:2 Benjamin Britten, [&hellip;]<\/p>\n","protected":false},"author":1,"featured_media":0,"comment_status":"closed","ping_status":"open","sticky":false,"template":"","format":"standard","meta":{"sfsi_plus_gutenberg_text_before_share":"","sfsi_plus_gutenberg_show_text_before_share":"","sfsi_plus_gutenberg_icon_type":"","sfsi_plus_gutenberg_icon_alignemt":"","sfsi_plus_gutenburg_max_per_row":"","footnotes":""},"categories":[21,451],"tags":[2456,210,99,2080,1273,2105,642,2164,2461,193,662,2462,2455,2459,2457,641,640,2458,2460,2227,576,2334],"class_list":["post-3082","post","type-post","status-publish","format-standard","hentry","category-concert","category-guest-performance","tag-aaron-schroer","tag-antonin-dvorak","tag-benjamin-britten","tag-bergische-symphoniker","tag-cello-concerto","tag-cellokonzert","tag-concert","tag-johannes-marsovszky","tag-john-dowland","tag-joseph-haydn","tag-konzert","tag-lachrymae","tag-marl","tag-marler-debut","tag-marvin-stark","tag-orchesterinspektor","tag-orchestra-manager","tag-peter-son-goetz","tag-song","tag-theater-marl","tag-violin-concerto","tag-violinkonzert"],"_links":{"self":[{"href":"https:\/\/eric-monot.net\/en\/wp-json\/wp\/v2\/posts\/3082","targetHints":{"allow":["GET"]}}],"collection":[{"href":"https:\/\/eric-monot.net\/en\/wp-json\/wp\/v2\/posts"}],"about":[{"href":"https:\/\/eric-monot.net\/en\/wp-json\/wp\/v2\/types\/post"}],"author":[{"embeddable":true,"href":"https:\/\/eric-monot.net\/en\/wp-json\/wp\/v2\/users\/1"}],"replies":[{"embeddable":true,"href":"https:\/\/eric-monot.net\/en\/wp-json\/wp\/v2\/comments?post=3082"}],"version-history":[{"count":4,"href":"https:\/\/eric-monot.net\/en\/wp-json\/wp\/v2\/posts\/3082\/revisions"}],"predecessor-version":[{"id":3158,"href":"https:\/\/eric-monot.net\/en\/wp-json\/wp\/v2\/posts\/3082\/revisions\/3158"}],"wp:attachment":[{"href":"https:\/\/eric-monot.net\/en\/wp-json\/wp\/v2\/media?parent=3082"}],"wp:term":[{"taxonomy":"category","embeddable":true,"href":"https:\/\/eric-monot.net\/en\/wp-json\/wp\/v2\/categories?post=3082"},{"taxonomy":"post_tag","embeddable":true,"href":"https:\/\/eric-monot.net\/en\/wp-json\/wp\/v2\/tags?post=3082"}],"curies":[{"name":"wp","href":"https:\/\/api.w.org\/{rel}","templated":true}]}}