{"id":2758,"date":"2019-04-16T19:00:00","date_gmt":"2019-04-16T17:00:00","guid":{"rendered":"http:\/\/eric-monot.net\/?p=2758"},"modified":"2019-05-05T09:56:56","modified_gmt":"2019-05-05T07:56:56","slug":"2758","status":"publish","type":"post","link":"https:\/\/eric-monot.net\/en\/archives\/2758","title":{"rendered":""},"content":{"rendered":"<p><b>Concert<\/b><\/p>\n<p>16th April, 19:00 &amp; 17th April 2019, 10:00<br \/>\nGro\u00dfes Haus, Staatstheater Mainz<\/p>\n<p>Philharmonisches Staatsorchester Mainz<br \/>\nHermann B\u00e4umer<\/p>\n<p>Jennifer Panara, H\u00e4nsel<br \/>\nMaren Schwier, Gretel<br \/>\nLinda Sommerhage, Hexe<br \/>\nPeter Felix Bauer, Vater<br \/>\nAnna-Maria Dur, Mutter<br \/>\nDaria Kalinina, Sandmann<br \/>\nArmin Dillenberger, Erz\u00e4hler<\/p>\n<p><i>3. Konzert f\u00fcr\u00a0junge Leute<\/i><br \/>\n<i>Oper vorgestellt<\/i><\/p>\n<ul>\n<li>Engelbert Humperdinck, <i>H\u00e4nsel und Gretel<\/i><\/li>\n<\/ul>\n<p><b>Orchestra Manager with the Philharmonic State Orchestra of Mainz<\/b><\/p>","protected":false},"excerpt":{"rendered":"<p>Concert 16th April, 19:00 &amp; 17th April 2019, 10:00 Gro\u00dfes Haus, Staatstheater Mainz Philharmonisches Staatsorchester Mainz Hermann B\u00e4umer Jennifer Panara, H\u00e4nsel Maren Schwier, Gretel Linda Sommerhage, Hexe Peter Felix Bauer, Vater Anna-Maria Dur, Mutter Daria Kalinina, Sandmann Armin Dillenberger, Erz\u00e4hler 3. Konzert f\u00fcr\u00a0junge Leute Oper vorgestellt Engelbert Humperdinck, H\u00e4nsel und Gretel Orchestra Manager with the [&hellip;]<\/p>\n","protected":false},"author":1,"featured_media":0,"comment_status":"closed","ping_status":"open","sticky":false,"template":"","format":"standard","meta":{"sfsi_plus_gutenberg_text_before_share":"","sfsi_plus_gutenberg_show_text_before_share":"","sfsi_plus_gutenberg_icon_type":"","sfsi_plus_gutenberg_icon_alignemt":"","sfsi_plus_gutenburg_max_per_row":"","footnotes":""},"categories":[21,107,557],"tags":[1992,1549,642,1843,1896,1350,1897,1450,1883,662,1625,1520,1444,1551,696,389,641,640,1664,1198,1197,1196],"class_list":["post-2758","post","type-post","status-publish","format-standard","hentry","category-concert","category-concert-series","category-children","tag-anna-maria-dur","tag-armin-dillenberger","tag-concert","tag-daria-kalinina","tag-engelbert-humperdinck","tag-groses-haus","tag-hansel-und-gretel","tag-hermann-baumer","tag-jennifer-panara","tag-konzert","tag-konzert-fur-junge-leute","tag-linda-sommerhage","tag-mainz","tag-maren-schwier","tag-oper","tag-opera","tag-orchesterinspektor","tag-orchestra-manager","tag-peter-felix-bauer","tag-philharmonic-state-orchestra-of-mainz","tag-philharmonisches-staatsorchester-mainz","tag-staatstheater-mainz"],"_links":{"self":[{"href":"https:\/\/eric-monot.net\/en\/wp-json\/wp\/v2\/posts\/2758","targetHints":{"allow":["GET"]}}],"collection":[{"href":"https:\/\/eric-monot.net\/en\/wp-json\/wp\/v2\/posts"}],"about":[{"href":"https:\/\/eric-monot.net\/en\/wp-json\/wp\/v2\/types\/post"}],"author":[{"embeddable":true,"href":"https:\/\/eric-monot.net\/en\/wp-json\/wp\/v2\/users\/1"}],"replies":[{"embeddable":true,"href":"https:\/\/eric-monot.net\/en\/wp-json\/wp\/v2\/comments?post=2758"}],"version-history":[{"count":1,"href":"https:\/\/eric-monot.net\/en\/wp-json\/wp\/v2\/posts\/2758\/revisions"}],"predecessor-version":[{"id":2759,"href":"https:\/\/eric-monot.net\/en\/wp-json\/wp\/v2\/posts\/2758\/revisions\/2759"}],"wp:attachment":[{"href":"https:\/\/eric-monot.net\/en\/wp-json\/wp\/v2\/media?parent=2758"}],"wp:term":[{"taxonomy":"category","embeddable":true,"href":"https:\/\/eric-monot.net\/en\/wp-json\/wp\/v2\/categories?post=2758"},{"taxonomy":"post_tag","embeddable":true,"href":"https:\/\/eric-monot.net\/en\/wp-json\/wp\/v2\/tags?post=2758"}],"curies":[{"name":"wp","href":"https:\/\/api.w.org\/{rel}","templated":true}]}}