{"id":2458,"date":"2018-08-17T19:30:38","date_gmt":"2018-08-17T17:30:38","guid":{"rendered":"http:\/\/eric-monot.net\/?p=2458"},"modified":"2018-08-21T21:18:40","modified_gmt":"2018-08-21T19:18:40","slug":"2458","status":"publish","type":"post","link":"https:\/\/eric-monot.net\/en\/archives\/2458","title":{"rendered":""},"content":{"rendered":"<p><strong>Concert<\/strong><\/p>\n<p>17th August 2018, 19:30<br \/>\nGro\u00dfes Haus, Staatstheater Mainz<\/p>\n<p>Philharmonisches Staatsorchester Mainz<br \/>\nValtteri Rauhalammi,\u00a0Hermann B\u00e4umer,\u00a0Paul-Johannes Kirschner,\u00a0Samuel Hogarth<\/p>\n<p>Chor des Staatstheaters Mainz<br \/>\nSebastian Hernandez-Laverny<\/p>\n<p>Alexandra Samouilidou,\u00a0Koloratursopranistin<br \/>\nNadja Stefanoff,\u00a0jugendlich dramatische Sopran<br \/>\nLinda Sommerhage,\u00a0Mezzosopranistin<br \/>\nMichael Dahmen,\u00a0Bariton<br \/>\nStephan Bootz,\u00a0Bass<br \/>\nBrett Carter,\u00a0Bariton<br \/>\nDerrick Ballard, Bass<br \/>\nPeter Felix Bauer,\u00a0Bariton<br \/>\nJohannes Mayer,\u00a0Tenor<br \/>\nAlin Deleanu,\u00a0Altus<br \/>\nSteven Ebel, Tenor<br \/>\nAlexander Spemann,\u00a0Heldentenor<br \/>\nMaren Schwier,\u00a0Sopranistin<br \/>\nLars-Oliver R\u00fchl, Tenor<br \/>\nHyemi Jung, Sopranistin<br \/>\nMarkus M\u00fcller, Moderator<\/p>\n<p><em>Operngala zur Spielzeiter\u00f6ffnung<\/em><\/p>\n<ul>\n<li>Wolfgang Amadeus Mozart, <em>Sinfonia<\/em> aus <em>Le Nozze di Figaro<\/em><\/li>\n<li>Wolfgang Amadeus Mozart, <em>Se a caso madama<\/em>\u00a0aus <em>Le Nozze di Figaro<\/em><\/li>\n<li>Wolfgang Amadeus Mozart, <em>Porgi amor<\/em>\u00a0aus <em>Le Nozze di Figaro<\/em><\/li>\n<li>Wolfgang Amadeus Mozart, <em>Hai gi\u00e0 vinta la causa&#8230; Vedr\u00f2 mentre io sospiro<\/em>\u00a0aus <em>Le Nozze di Figaro<\/em><\/li>\n<li>Giuseppe Verdi, <em>A te l&#8217;estremo addio&#8230; Il lacerato spirito<\/em>\u00a0aus <em>Simon Boccanegra<\/em><\/li>\n<li>Giuseppe Verdi, <em>Orfanella il tetto umilo<\/em>\u00a0aus <em>Simon Boccanegra<\/em><\/li>\n<li>Giuseppe Verdi, <em>Nel giardin del bello<\/em>\u00a0aus\u00a0<em>Don Carlo<\/em><\/li>\n<li>Leo\u0161 Jan\u00e1\u010dek, <em>Jste to vy, Kat\u011brino Petrovno?<\/em>\u00a0aus <em>Katja Kabanova<\/em><\/li>\n<li>Erwin Bootz<em>, Sch\u00f6ne Isabella von Kastilien<\/em> aus <em>Comedian Harmonists<\/em><\/li>\n<li>Georges Aperghis, <em>R\u00e9citation 9<\/em><\/li>\n<li>Henry Santeugini, <em>Mein lieber Schatz, bist du aus Spanien<\/em>\u00a0aus <em>Comedian Harmonists<\/em><\/li>\n<li>Richard Wagner \/ Loriot, <em>O s\u00fc\u00dfeste Wonne<\/em> aus <em>Der Ring an einem Abend &#8211;\u00a0Die Walk\u00fcre<\/em><\/li>\n<li>Richard Wagner \/ Loriot, <em>Blick nach der H\u00f6h<\/em>\u00a0aus\u00a0<em>Der Ring an einem Abend &#8211;\u00a0<\/em><em>Siegfried<\/em><\/li>\n<li>Rued Langgaard, <em>Nur wenn&#8217;s Gottes Hephata gelingt<\/em> aus <em>Antikrist<\/em><\/li>\n<li>Sergej Prokofjew, <em>Marsch<\/em> aus <em>Die Liebe zu drei Orangen<\/em><\/li>\n<li>Paul Abraham, <em>Ich bin noch immer au\u00dfer mir<\/em>\u00a0aus <em>M\u00e4rchen im Grand Hotel<\/em><\/li>\n<li>Paul Abraham, <em>Ich geh so gern spazieren<\/em>\u00a0aus <em>M\u00e4rchen im Grand Hotel<\/em><\/li>\n<li>Paul Abraham, <em>Tr\u00e4um heute Nacht von Liebe<\/em>\u00a0aus <em>M\u00e4rchen im Grand Hotel<\/em><\/li>\n<\/ul>\n<p><strong>Orchestra Manager with the Philharmonic State Orchestra of Mainz<\/strong><\/p>","protected":false},"excerpt":{"rendered":"<p>Concert 17th August 2018, 19:30 Gro\u00dfes Haus, Staatstheater Mainz Philharmonisches Staatsorchester Mainz Valtteri Rauhalammi,\u00a0Hermann B\u00e4umer,\u00a0Paul-Johannes Kirschner,\u00a0Samuel Hogarth Chor des Staatstheaters Mainz Sebastian Hernandez-Laverny Alexandra Samouilidou,\u00a0Koloratursopranistin Nadja Stefanoff,\u00a0jugendlich dramatische Sopran Linda Sommerhage,\u00a0Mezzosopranistin Michael Dahmen,\u00a0Bariton Stephan Bootz,\u00a0Bass Brett Carter,\u00a0Bariton Derrick Ballard, Bass Peter Felix Bauer,\u00a0Bariton Johannes Mayer,\u00a0Tenor Alin Deleanu,\u00a0Altus Steven Ebel, Tenor Alexander Spemann,\u00a0Heldentenor Maren Schwier,\u00a0Sopranistin Lars-Oliver [&hellip;]<\/p>\n","protected":false},"author":1,"featured_media":0,"comment_status":"closed","ping_status":"open","sticky":false,"template":"","format":"standard","meta":{"sfsi_plus_gutenberg_text_before_share":"","sfsi_plus_gutenberg_show_text_before_share":"","sfsi_plus_gutenberg_icon_type":"","sfsi_plus_gutenberg_icon_alignemt":"","sfsi_plus_gutenburg_max_per_row":"","footnotes":""},"categories":[21],"tags":[1361,1371,1358,1603,1518,1516,1795,642,1798,1355,1800,1755,1522,1794,1043,929,242,1350,1796,1450,1521,1793,662,1502,1120,709,1520,1797,1444,1802,1551,1679,1799,1691,1445,696,1791,641,640,1801,1393,1664,1198,1197,245,1602,1353,1354,937,1104,1689,1049,1792,1196,1448,1357,1790,26],"class_list":["post-2458","post","type-post","status-publish","format-standard","hentry","category-concert","tag-alexander-spemann","tag-alexandra-samouilidou","tag-alin-deleanu","tag-antikrist","tag-brett-carter","tag-chor-des-staatstheaters-mainz","tag-comedian-harmonists","tag-concert","tag-der-ring-an-einem-abend","tag-derrick-ballard","tag-die-liebe-zu-drei-orangen","tag-die-walkure","tag-don-carlo","tag-erwin-bootz","tag-gala","tag-georges-aperghis","tag-giuseppe-verdi","tag-groses-haus","tag-henry-santeugini","tag-hermann-baumer","tag-johannes-mayer","tag-katja-kabanova","tag-konzert","tag-lars-oliver-ruhl","tag-le-nozze-di-figaro","tag-leos-janacek","tag-linda-sommerhage","tag-loriot","tag-mainz","tag-marchen-im-grand-hotel","tag-maren-schwier","tag-markus-muller","tag-marsch","tag-michael-dahmen","tag-nadja-stefanoff","tag-oper","tag-operngala","tag-orchesterinspektor","tag-orchestra-manager","tag-paul-abraham","tag-paul-johannes-kirschner","tag-peter-felix-bauer","tag-philharmonic-state-orchestra-of-mainz","tag-philharmonisches-staatsorchester-mainz","tag-richard-wagner","tag-rued-langgaard","tag-samuel-hogarth","tag-sebastian-hernandez-laverny","tag-sergej-prokofjew","tag-siegfried","tag-simon-boccanegra","tag-sinfonia","tag-spielzeiteroffnung","tag-staatstheater-mainz","tag-stephan-bootz","tag-steven-ebel","tag-valtteri-rauhalammi","tag-wolfgang-amadeus-mozart"],"_links":{"self":[{"href":"https:\/\/eric-monot.net\/en\/wp-json\/wp\/v2\/posts\/2458","targetHints":{"allow":["GET"]}}],"collection":[{"href":"https:\/\/eric-monot.net\/en\/wp-json\/wp\/v2\/posts"}],"about":[{"href":"https:\/\/eric-monot.net\/en\/wp-json\/wp\/v2\/types\/post"}],"author":[{"embeddable":true,"href":"https:\/\/eric-monot.net\/en\/wp-json\/wp\/v2\/users\/1"}],"replies":[{"embeddable":true,"href":"https:\/\/eric-monot.net\/en\/wp-json\/wp\/v2\/comments?post=2458"}],"version-history":[{"count":3,"href":"https:\/\/eric-monot.net\/en\/wp-json\/wp\/v2\/posts\/2458\/revisions"}],"predecessor-version":[{"id":2465,"href":"https:\/\/eric-monot.net\/en\/wp-json\/wp\/v2\/posts\/2458\/revisions\/2465"}],"wp:attachment":[{"href":"https:\/\/eric-monot.net\/en\/wp-json\/wp\/v2\/media?parent=2458"}],"wp:term":[{"taxonomy":"category","embeddable":true,"href":"https:\/\/eric-monot.net\/en\/wp-json\/wp\/v2\/categories?post=2458"},{"taxonomy":"post_tag","embeddable":true,"href":"https:\/\/eric-monot.net\/en\/wp-json\/wp\/v2\/tags?post=2458"}],"curies":[{"name":"wp","href":"https:\/\/api.w.org\/{rel}","templated":true}]}}