{"id":2344,"date":"2018-06-17T19:30:05","date_gmt":"2018-06-17T17:30:05","guid":{"rendered":"http:\/\/eric-monot.net\/?p=2344"},"modified":"2018-06-18T21:29:16","modified_gmt":"2018-06-18T19:29:16","slug":"2344","status":"publish","type":"post","link":"https:\/\/eric-monot.net\/en\/archives\/2344","title":{"rendered":""},"content":{"rendered":"<p><b>Concert<\/b><\/p>\n<p>17th June 2018, 19:30<br \/>\nAm Markt, Mainz<\/p>\n<p>Philharmonisches Staatsorchester Mainz<br \/>\nHermann B\u00e4umer<\/p>\n<p>Marie-Christine Haase, Sopran<br \/>\nLinda Sommerhage, Mezzo-Sopran<br \/>\nNadja Stefanoff, Sopran<br \/>\nDerrick Ballard, Bassbariton<br \/>\nPeter Felix Bauer, Bariton<br \/>\nPhilippe Do, Tenor<br \/>\nMarkus M\u00fcller, Moderation<\/p>\n<p><em>Opernacht am Dom<\/em><\/p>\n<ul>\n<li>Antonio Salieri, Ouvert\u00fcre aus <i>Der Rauchfangkehrer<\/i><\/li>\n<li>Wolfgang Amadeus Mozart, <i>Martern aller Arten<\/i> aus <i>Die Entf\u00fchrung aus dem Serail<\/i><\/li>\n<li>Wolfgang Amadeus Mozart, <i>Mi trad\u00ec quell\u00b4 alma ingrata <\/i>aus <i>Don Giovanni<\/i><\/li>\n<li>Georges Bizet, <i>La fleur que tu m\u00b4avais jet\u00e9e<\/i> aus <i>Carmen<\/i><\/li>\n<li>Georges Bizet, <i>Pr\u00e8s des remparts de S\u00e9ville<\/i> aus <i>Carmen<\/i><\/li>\n<li>Ruggero Leoncavallo, <i>Si pu\u00f2 <\/i>aus <i>Pagliacci<\/i><\/li>\n<li>Luigi Cherubini, <i>Perfides ennemis <\/i>aus <i>M\u00e9d\u00e9e<\/i><\/li>\n<li>Carl Maria von Weber, Ouvert\u00fcre aus <i>Der Freisch\u00fctz<\/i><\/li>\n<li>Carl Maria von Weber, <i>Schweig, schweig<\/i> aus <i>Der Freisch\u00fctz<\/i><\/li>\n<li>Richard Wagner, <i>Mild und leise<\/i> aus <i>Tristan und Isolde<\/i><\/li>\n<li>Giuseppe Verdi, <i>M\u00b4ardon le tempia <\/i>aus <i>Simon Boccanegra<\/i><\/li>\n<li>Giacomo Puccini, <i>Sola, perduta, abbandonata <\/i>aus <i>Manon Lescaut<\/i><\/li>\n<li>Johann Strau\u00df, <i>Komm mit mir zum Souper<\/i> aus <i>Die Fledermaus<\/i><\/li>\n<li>Johann Strau\u00df, <i>So muss allein ich bleiben<\/i> aus <i>Die Fledermaus<\/i><\/li>\n<\/ul>\n<p><strong>Orchestra Manager with the Philharmonic State Orchestra of Mainz<\/strong><\/p>","protected":false},"excerpt":{"rendered":"<p>Concert 17th June 2018, 19:30 Am Markt, Mainz Philharmonisches Staatsorchester Mainz Hermann B\u00e4umer Marie-Christine Haase, Sopran Linda Sommerhage, Mezzo-Sopran Nadja Stefanoff, Sopran Derrick Ballard, Bassbariton Peter Felix Bauer, Bariton Philippe Do, Tenor Markus M\u00fcller, Moderation Opernacht am Dom Antonio Salieri, Ouvert\u00fcre aus Der Rauchfangkehrer Wolfgang Amadeus Mozart, Martern aller Arten aus Die Entf\u00fchrung aus dem [&hellip;]<\/p>\n","protected":false},"author":1,"featured_media":0,"comment_status":"closed","ping_status":"open","sticky":false,"template":"","format":"standard","meta":{"sfsi_plus_gutenberg_text_before_share":"","sfsi_plus_gutenberg_show_text_before_share":"","sfsi_plus_gutenberg_icon_type":"","sfsi_plus_gutenberg_icon_alignemt":"","sfsi_plus_gutenburg_max_per_row":"","footnotes":""},"categories":[21,557,1003],"tags":[1681,103,1683,642,1687,1355,1046,1179,1682,104,618,242,1450,341,662,1520,1685,1444,1053,1359,1678,1679,1686,1445,1680,641,640,843,170,1684,1664,1198,1197,1517,245,1051,1689,1688,26],"class_list":["post-2344","post","type-post","status-publish","format-standard","hentry","category-concert","category-children","category-open-air-concert","tag-antonio-salieri","tag-carl-maria-von-weber","tag-carmen","tag-concert","tag-der-freischutz","tag-derrick-ballard","tag-die-entfuhrung-aus-dem-serail","tag-die-fledermaus","tag-don-giovanni","tag-georges-bizet","tag-giacomo-puccini","tag-giuseppe-verdi","tag-hermann-baumer","tag-johann-straus","tag-konzert","tag-linda-sommerhage","tag-luigi-cherubini","tag-mainz","tag-manon-lescaut","tag-marie-christine-haase","tag-marktplatz","tag-markus-muller","tag-medee","tag-nadja-stefanoff","tag-opernacht-am-dom","tag-orchesterinspektor","tag-orchestra-manager","tag-ouverture","tag-overture","tag-pagliacci","tag-peter-felix-bauer","tag-philharmonic-state-orchestra-of-mainz","tag-philharmonisches-staatsorchester-mainz","tag-philippe-do","tag-richard-wagner","tag-ruggero-leoncavallo","tag-simon-boccanegra","tag-tristan-und-isolde","tag-wolfgang-amadeus-mozart"],"_links":{"self":[{"href":"https:\/\/eric-monot.net\/en\/wp-json\/wp\/v2\/posts\/2344","targetHints":{"allow":["GET"]}}],"collection":[{"href":"https:\/\/eric-monot.net\/en\/wp-json\/wp\/v2\/posts"}],"about":[{"href":"https:\/\/eric-monot.net\/en\/wp-json\/wp\/v2\/types\/post"}],"author":[{"embeddable":true,"href":"https:\/\/eric-monot.net\/en\/wp-json\/wp\/v2\/users\/1"}],"replies":[{"embeddable":true,"href":"https:\/\/eric-monot.net\/en\/wp-json\/wp\/v2\/comments?post=2344"}],"version-history":[{"count":4,"href":"https:\/\/eric-monot.net\/en\/wp-json\/wp\/v2\/posts\/2344\/revisions"}],"predecessor-version":[{"id":2370,"href":"https:\/\/eric-monot.net\/en\/wp-json\/wp\/v2\/posts\/2344\/revisions\/2370"}],"wp:attachment":[{"href":"https:\/\/eric-monot.net\/en\/wp-json\/wp\/v2\/media?parent=2344"}],"wp:term":[{"taxonomy":"category","embeddable":true,"href":"https:\/\/eric-monot.net\/en\/wp-json\/wp\/v2\/categories?post=2344"},{"taxonomy":"post_tag","embeddable":true,"href":"https:\/\/eric-monot.net\/en\/wp-json\/wp\/v2\/tags?post=2344"}],"curies":[{"name":"wp","href":"https:\/\/api.w.org\/{rel}","templated":true}]}}