{"id":1726,"date":"2017-04-30T11:00:47","date_gmt":"2017-04-30T09:00:47","guid":{"rendered":"http:\/\/eric-monot.net\/?p=1726"},"modified":"2017-05-03T11:01:01","modified_gmt":"2017-05-03T09:01:01","slug":"1726","status":"publish","type":"post","link":"https:\/\/eric-monot.net\/en\/archives\/1726","title":{"rendered":""},"content":{"rendered":"<p><strong>Concert<\/strong><\/p>\n<p>30th April 2017, 11:00<br \/>\nSartory-Saal, Cologne<\/p>\n<p>G\u00fcrzenich-Orchester K\u00f6ln<br \/>\nFran\u00e7ois-Xavier Roth<\/p>\n<p>Donatienne Michel-Dansac, soprano<\/p>\n<p id=\"headline-218\" class=\"text-uppercase text-bold\"><em>ACHT BR\u00dcCKEN | MUSIK F\u00dcR K\u00d6LN<\/em><\/p>\n<ul>\n<li class=\"text-uppercase text-bold\">Philippe Manoury,\u00a0<em><span class=\"work\">\u00bbIn situ\u00ab f\u00fcr Ensemble, Streichorchester und acht Orchestergruppen im Raum<\/span><\/em><\/li>\n<li class=\"text-uppercase text-bold\">Georges Aperghis,\u00a0<span class=\"work\"><em>\u00bbPubs\u00ab<\/em> und <em>\u00bbFeuilletons\u00ab f\u00fcr Stimme<\/em><\/span><\/li>\n<\/ul>\n<p><strong>Orchestra Manager with the G\u00fcrzenich Orchestra of Cologne<\/strong><\/p>","protected":false},"excerpt":{"rendered":"<p>Concert 30th April 2017, 11:00 Sartory-Saal, Cologne G\u00fcrzenich-Orchester K\u00f6ln Fran\u00e7ois-Xavier Roth Donatienne Michel-Dansac, soprano ACHT BR\u00dcCKEN | MUSIK F\u00dcR K\u00d6LN Philippe Manoury,\u00a0\u00bbIn situ\u00ab f\u00fcr Ensemble, Streichorchester und acht Orchestergruppen im Raum Georges Aperghis,\u00a0\u00bbPubs\u00ab und \u00bbFeuilletons\u00ab f\u00fcr Stimme Orchestra Manager with the G\u00fcrzenich Orchestra of Cologne<\/p>\n","protected":false},"author":1,"featured_media":0,"comment_status":"closed","ping_status":"open","sticky":false,"template":"","format":"standard","meta":{"sfsi_plus_gutenberg_text_before_share":"","sfsi_plus_gutenberg_show_text_before_share":"","sfsi_plus_gutenberg_icon_type":"","sfsi_plus_gutenberg_icon_alignemt":"","sfsi_plus_gutenburg_max_per_row":"","footnotes":""},"categories":[21,271],"tags":[530,444,642,927,660,929,627,626,443,662,641,640,928,925,926],"class_list":["post-1726","post","type-post","status-publish","format-standard","hentry","category-concert","category-festival","tag-acht-brucken","tag-cologne","tag-concert","tag-donatienne-michel-dansac","tag-francois-xavier-roth","tag-georges-aperghis","tag-gurzenich-orchestra-of-cologne","tag-gurzenich-orchester-koln","tag-koln","tag-konzert","tag-orchesterinspektor","tag-orchestra-manager","tag-philippe-manoury","tag-sartory-hall","tag-sartory-saal"],"_links":{"self":[{"href":"https:\/\/eric-monot.net\/en\/wp-json\/wp\/v2\/posts\/1726","targetHints":{"allow":["GET"]}}],"collection":[{"href":"https:\/\/eric-monot.net\/en\/wp-json\/wp\/v2\/posts"}],"about":[{"href":"https:\/\/eric-monot.net\/en\/wp-json\/wp\/v2\/types\/post"}],"author":[{"embeddable":true,"href":"https:\/\/eric-monot.net\/en\/wp-json\/wp\/v2\/users\/1"}],"replies":[{"embeddable":true,"href":"https:\/\/eric-monot.net\/en\/wp-json\/wp\/v2\/comments?post=1726"}],"version-history":[{"count":1,"href":"https:\/\/eric-monot.net\/en\/wp-json\/wp\/v2\/posts\/1726\/revisions"}],"predecessor-version":[{"id":1727,"href":"https:\/\/eric-monot.net\/en\/wp-json\/wp\/v2\/posts\/1726\/revisions\/1727"}],"wp:attachment":[{"href":"https:\/\/eric-monot.net\/en\/wp-json\/wp\/v2\/media?parent=1726"}],"wp:term":[{"taxonomy":"category","embeddable":true,"href":"https:\/\/eric-monot.net\/en\/wp-json\/wp\/v2\/categories?post=1726"},{"taxonomy":"post_tag","embeddable":true,"href":"https:\/\/eric-monot.net\/en\/wp-json\/wp\/v2\/tags?post=1726"}],"curies":[{"name":"wp","href":"https:\/\/api.w.org\/{rel}","templated":true}]}}